{"id":20221,"date":"2022-08-03T09:37:35","date_gmt":"2022-08-03T12:37:35","guid":{"rendered":"https:\/\/supplybr.com\/?p=20221"},"modified":"2025-11-27T15:00:26","modified_gmt":"2025-11-27T18:00:26","slug":"uniao-europeia-diz-que-gas-natural-e-energia-nuclear-sao-energias-verdes","status":"publish","type":"post","link":"https:\/\/supplybr.com\/en\/uniao-europeia-diz-que-gas-natural-e-energia-nuclear-sao-energias-verdes\/","title":{"rendered":"Uni\u00e3o Europeia diz que g\u00e1s natural e energia nuclear s\u00e3o \u2018energias verdes\u2019"},"content":{"rendered":"<div data-elementor-type=\"wp-post\" data-elementor-id=\"20221\" class=\"elementor elementor-20221\" data-elementor-post-type=\"post\">\n\t\t\t\t\t\t<section class=\"elementor-section elementor-top-section elementor-element elementor-element-323ab70 elementor-section-boxed elementor-section-height-default elementor-section-height-default\" data-id=\"323ab70\" data-element_type=\"section\">\n\t\t\t\t\t\t<div class=\"elementor-container elementor-column-gap-default\">\n\t\t\t\t\t<div class=\"elementor-column elementor-col-100 elementor-top-column elementor-element elementor-element-38217d12\" data-id=\"38217d12\" data-element_type=\"column\">\n\t\t\t<div class=\"elementor-widget-wrap elementor-element-populated\">\n\t\t\t\t\t\t<div class=\"elementor-element elementor-element-1b4e5075 elementor-widget elementor-widget-text-editor\" data-id=\"1b4e5075\" data-element_type=\"widget\" data-widget_type=\"text-editor.default\">\n\t\t\t\t\t\t\t\t\t<p>A Comiss\u00e3o Europeia argumenta que o g\u00e1s natural \u2013 combust\u00edvel f\u00f3ssil feito principalmente de metano, fundamental nas mudan\u00e7as clim\u00e1ticas \u2013 desempenha um importante papel na transi\u00e7\u00e3o para a energia renov\u00e1vel, causando a revolta de ativistas clim\u00e1ticos e alguns legisladores.<\/p>\n<p>Normalmente, o g\u00e1s natural emite menos di\u00f3xido de carbono do que o carv\u00e3o, no entanto, cientistas apontam que o foco deve ser inteiramente no aumento de fontes de energias limpas, al\u00e9m do fato de que apoiar novos projetos de g\u00e1s apenas prolongar\u00e1 a vida \u00fatil dos combust\u00edveis f\u00f3sseis.<\/p>\n<p>J\u00e1 em rela\u00e7\u00e3o \u00e0 energia nuclear, o principal argumento de defesa \u00e9 que ela n\u00e3o produz diretamente emiss\u00f5es de carbono, mas os argumentos contr\u00e1rios levantam preocupa\u00e7\u00f5es a respeito da seguran\u00e7a, que inclui como armazenar os res\u00edduos radioativos produzidos por ela. Al\u00e9m disso, as usinas nucleares s\u00e3o caras e frequentemente prejudicadas por atrasos.<\/p>\n<p>Segundo Bas Eickhout, legislador holand\u00eas com assento no Parlamento Europeu, \u00e0 rede CNN, chamar o g\u00e1s natural de \u201csustent\u00e1vel\u201d contradiz os apelos da Uni\u00e3o Europeia ao resto do mundo para descarbonizar suas economias o mais r\u00e1pido poss\u00edvel.<\/p>\n<p>Embora a proposta tenha sido sugerida meses antes da guerra na Ucr\u00e2nia, ela ganhou for\u00e7a principalmente pelo fato dos pa\u00edses do bloco serem altamente dependentes das fontes de energia da R\u00fassia, proibidas ap\u00f3s o in\u00edcio do conflito.<\/p>\n<p>A Uni\u00e3o Europeia prometeu reduzir as emiss\u00f5es em 55% em rela\u00e7\u00e3o aos n\u00edveis de 1990 at\u00e9 2030, e se tornar uma economia de carbono zero at\u00e9 2050. Desse modo, toda a emiss\u00e3o de poluentes ser\u00e1 drasticamente reduzida e as que permanecerem ser\u00e3o compensadas, seja usando m\u00e9todos naturais como plantio de \u00e1rvores ou tecnologia para captur\u00e1-las.<\/p>\n<p>Confira a mat\u00e9ria completa clicando <a href=\"https:\/\/veja.abril.com.br\/mundo\/uniao-europeia-diz-que-gas-natural-e-energia-nuclear-sao-energias-verdes\/\">AQUI.<\/a><\/p>\n<p>\u00a0<\/p>\t\t\t\t\t\t\t\t<\/div>\n\t\t\t\t\t<\/div>\n\t\t<\/div>\n\t\t\t\t\t<\/div>\n\t\t<\/section>\n\t\t\t\t<\/div>","protected":false},"excerpt":{"rendered":"<p>A Comiss\u00e3o Europeia argumenta que o g\u00e1s natural \u2013 combust\u00edvel f\u00f3ssil feito principalmente de metano, fundamental nas mudan\u00e7as clim\u00e1ticas \u2013 desempenha um importante papel na transi\u00e7\u00e3o para a energia renov\u00e1vel, causando a revolta de ativistas clim\u00e1ticos e alguns legisladores. Normalmente, o g\u00e1s natural emite menos di\u00f3xido de carbono do que o carv\u00e3o, no entanto, cientistas [&hellip;]<\/p>","protected":false},"author":1,"featured_media":39704,"comment_status":"closed","ping_status":"closed","sticky":false,"template":"","format":"standard","meta":{"_acf_changed":false,"_joinchat":[],"footnotes":""},"categories":[808,809],"tags":[],"class_list":["post-20221","post","type-post","status-publish","format-standard","has-post-thumbnail","hentry","category-geradores","category-jenbacher"],"acf":[],"yoast_head":"<!-- This site is optimized with the Yoast SEO plugin v26.4 - https:\/\/yoast.com\/wordpress\/plugins\/seo\/ -->\n<title>Uni\u00e3o Europeia diz que g\u00e1s natural e energia nuclear s\u00e3o \u2018energias verdes\u2019 - Smart Supply<\/title>\n<meta name=\"robots\" content=\"index, follow, max-snippet:-1, max-image-preview:large, max-video-preview:-1\" \/>\n<link rel=\"canonical\" href=\"https:\/\/supplybr.com\/en\/uniao-europeia-diz-que-gas-natural-e-energia-nuclear-sao-energias-verdes\/\" \/>\n<meta property=\"og:locale\" content=\"en_US\" \/>\n<meta property=\"og:type\" content=\"article\" \/>\n<meta property=\"og:title\" content=\"Uni\u00e3o Europeia diz que g\u00e1s natural e energia nuclear s\u00e3o \u2018energias verdes\u2019 - Smart Supply\" \/>\n<meta property=\"og:description\" content=\"A Comiss\u00e3o Europeia argumenta que o g\u00e1s natural \u2013 combust\u00edvel f\u00f3ssil feito principalmente de metano, fundamental nas mudan\u00e7as clim\u00e1ticas \u2013 desempenha um importante papel na transi\u00e7\u00e3o para a energia renov\u00e1vel, causando a revolta de ativistas clim\u00e1ticos e alguns legisladores. Normalmente, o g\u00e1s natural emite menos di\u00f3xido de carbono do que o carv\u00e3o, no entanto, cientistas [&hellip;]\" \/>\n<meta property=\"og:url\" content=\"https:\/\/supplybr.com\/en\/uniao-europeia-diz-que-gas-natural-e-energia-nuclear-sao-energias-verdes\/\" \/>\n<meta property=\"og:site_name\" content=\"Smart Supply\" \/>\n<meta property=\"article:published_time\" content=\"2022-08-03T12:37:35+00:00\" \/>\n<meta property=\"article:modified_time\" content=\"2025-11-27T18:00:26+00:00\" \/>\n<meta property=\"og:image\" content=\"https:\/\/supplybr.com\/wp-content\/uploads\/2022\/08\/Sem-Titulo-1-1.jpg\" \/>\n\t<meta property=\"og:image:width\" content=\"848\" \/>\n\t<meta property=\"og:image:height\" content=\"566\" \/>\n\t<meta property=\"og:image:type\" content=\"image\/jpeg\" \/>\n<meta name=\"author\" content=\"quatroventos\" \/>\n<meta name=\"twitter:card\" content=\"summary_large_image\" \/>\n<meta name=\"twitter:label1\" content=\"Written by\" \/>\n\t<meta name=\"twitter:data1\" content=\"quatroventos\" \/>\n\t<meta name=\"twitter:label2\" content=\"Est. reading time\" \/>\n\t<meta name=\"twitter:data2\" content=\"2 minutes\" \/>\n<script type=\"application\/ld+json\" class=\"yoast-schema-graph\">{\"@context\":\"https:\/\/schema.org\",\"@graph\":[{\"@type\":\"Article\",\"@id\":\"https:\/\/supplybr.com\/uniao-europeia-diz-que-gas-natural-e-energia-nuclear-sao-energias-verdes\/#article\",\"isPartOf\":{\"@id\":\"https:\/\/supplybr.com\/uniao-europeia-diz-que-gas-natural-e-energia-nuclear-sao-energias-verdes\/\"},\"author\":{\"name\":\"quatroventos\",\"@id\":\"https:\/\/supplybr.com\/#\/schema\/person\/1a88b7ff8be4494fd97036a4c304792a\"},\"headline\":\"Uni\u00e3o Europeia diz que g\u00e1s natural e energia nuclear s\u00e3o \u2018energias verdes\u2019\",\"datePublished\":\"2022-08-03T12:37:35+00:00\",\"dateModified\":\"2025-11-27T18:00:26+00:00\",\"mainEntityOfPage\":{\"@id\":\"https:\/\/supplybr.com\/uniao-europeia-diz-que-gas-natural-e-energia-nuclear-sao-energias-verdes\/\"},\"wordCount\":326,\"publisher\":{\"@id\":\"https:\/\/supplybr.com\/#organization\"},\"image\":{\"@id\":\"https:\/\/supplybr.com\/uniao-europeia-diz-que-gas-natural-e-energia-nuclear-sao-energias-verdes\/#primaryimage\"},\"thumbnailUrl\":\"https:\/\/supplybr.com\/wp-content\/uploads\/2022\/08\/Sem-Titulo-1-1.jpg\",\"articleSection\":[\"Geradores\",\"Jenbacher\"],\"inLanguage\":\"en-US\"},{\"@type\":\"WebPage\",\"@id\":\"https:\/\/supplybr.com\/uniao-europeia-diz-que-gas-natural-e-energia-nuclear-sao-energias-verdes\/\",\"url\":\"https:\/\/supplybr.com\/uniao-europeia-diz-que-gas-natural-e-energia-nuclear-sao-energias-verdes\/\",\"name\":\"Uni\u00e3o Europeia diz que g\u00e1s natural e energia nuclear s\u00e3o \u2018energias verdes\u2019 - Smart Supply\",\"isPartOf\":{\"@id\":\"https:\/\/supplybr.com\/#website\"},\"primaryImageOfPage\":{\"@id\":\"https:\/\/supplybr.com\/uniao-europeia-diz-que-gas-natural-e-energia-nuclear-sao-energias-verdes\/#primaryimage\"},\"image\":{\"@id\":\"https:\/\/supplybr.com\/uniao-europeia-diz-que-gas-natural-e-energia-nuclear-sao-energias-verdes\/#primaryimage\"},\"thumbnailUrl\":\"https:\/\/supplybr.com\/wp-content\/uploads\/2022\/08\/Sem-Titulo-1-1.jpg\",\"datePublished\":\"2022-08-03T12:37:35+00:00\",\"dateModified\":\"2025-11-27T18:00:26+00:00\",\"breadcrumb\":{\"@id\":\"https:\/\/supplybr.com\/uniao-europeia-diz-que-gas-natural-e-energia-nuclear-sao-energias-verdes\/#breadcrumb\"},\"inLanguage\":\"en-US\",\"potentialAction\":[{\"@type\":\"ReadAction\",\"target\":[\"https:\/\/supplybr.com\/uniao-europeia-diz-que-gas-natural-e-energia-nuclear-sao-energias-verdes\/\"]}]},{\"@type\":\"ImageObject\",\"inLanguage\":\"en-US\",\"@id\":\"https:\/\/supplybr.com\/uniao-europeia-diz-que-gas-natural-e-energia-nuclear-sao-energias-verdes\/#primaryimage\",\"url\":\"https:\/\/supplybr.com\/wp-content\/uploads\/2022\/08\/Sem-Titulo-1-1.jpg\",\"contentUrl\":\"https:\/\/supplybr.com\/wp-content\/uploads\/2022\/08\/Sem-Titulo-1-1.jpg\",\"width\":848,\"height\":566},{\"@type\":\"BreadcrumbList\",\"@id\":\"https:\/\/supplybr.com\/uniao-europeia-diz-que-gas-natural-e-energia-nuclear-sao-energias-verdes\/#breadcrumb\",\"itemListElement\":[{\"@type\":\"ListItem\",\"position\":1,\"name\":\"In\u00edcio\",\"item\":\"https:\/\/supplybr.com\/\"},{\"@type\":\"ListItem\",\"position\":2,\"name\":\"Uni\u00e3o Europeia diz que g\u00e1s natural e energia nuclear s\u00e3o \u2018energias verdes\u2019\"}]},{\"@type\":\"WebSite\",\"@id\":\"https:\/\/supplybr.com\/#website\",\"url\":\"https:\/\/supplybr.com\/\",\"name\":\"Smart Supply\",\"description\":\"\",\"publisher\":{\"@id\":\"https:\/\/supplybr.com\/#organization\"},\"potentialAction\":[{\"@type\":\"SearchAction\",\"target\":{\"@type\":\"EntryPoint\",\"urlTemplate\":\"https:\/\/supplybr.com\/?s={search_term_string}\"},\"query-input\":{\"@type\":\"PropertyValueSpecification\",\"valueRequired\":true,\"valueName\":\"search_term_string\"}}],\"inLanguage\":\"en-US\"},{\"@type\":\"Organization\",\"@id\":\"https:\/\/supplybr.com\/#organization\",\"name\":\"Smart Supply\",\"url\":\"https:\/\/supplybr.com\/\",\"logo\":{\"@type\":\"ImageObject\",\"inLanguage\":\"en-US\",\"@id\":\"https:\/\/supplybr.com\/#\/schema\/logo\/image\/\",\"url\":\"https:\/\/supplybr.com\/wp-content\/uploads\/2025\/11\/Logo-RGB_Smart-Supply-02-scaled.png\",\"contentUrl\":\"https:\/\/supplybr.com\/wp-content\/uploads\/2025\/11\/Logo-RGB_Smart-Supply-02-scaled.png\",\"width\":2560,\"height\":333,\"caption\":\"Smart Supply\"},\"image\":{\"@id\":\"https:\/\/supplybr.com\/#\/schema\/logo\/image\/\"}},{\"@type\":\"Person\",\"@id\":\"https:\/\/supplybr.com\/#\/schema\/person\/1a88b7ff8be4494fd97036a4c304792a\",\"name\":\"quatroventos\",\"image\":{\"@type\":\"ImageObject\",\"inLanguage\":\"en-US\",\"@id\":\"https:\/\/supplybr.com\/#\/schema\/person\/image\/\",\"url\":\"https:\/\/secure.gravatar.com\/avatar\/62065f6489ce80da7a77bab98845518a37d9732020cbaba4c8670fff3c31aa72?s=96&d=mm&r=g\",\"contentUrl\":\"https:\/\/secure.gravatar.com\/avatar\/62065f6489ce80da7a77bab98845518a37d9732020cbaba4c8670fff3c31aa72?s=96&d=mm&r=g\",\"caption\":\"quatroventos\"},\"sameAs\":[\"https:\/\/supplybr.com\"],\"url\":\"https:\/\/supplybr.com\/en\/author\/quatroventos\/\"}]}<\/script>\n<!-- \/ Yoast SEO plugin. -->","yoast_head_json":{"title":"Uni\u00e3o Europeia diz que g\u00e1s natural e energia nuclear s\u00e3o \u2018energias verdes\u2019 - Smart Supply","robots":{"index":"index","follow":"follow","max-snippet":"max-snippet:-1","max-image-preview":"max-image-preview:large","max-video-preview":"max-video-preview:-1"},"canonical":"https:\/\/supplybr.com\/en\/uniao-europeia-diz-que-gas-natural-e-energia-nuclear-sao-energias-verdes\/","og_locale":"en_US","og_type":"article","og_title":"Uni\u00e3o Europeia diz que g\u00e1s natural e energia nuclear s\u00e3o \u2018energias verdes\u2019 - Smart Supply","og_description":"A Comiss\u00e3o Europeia argumenta que o g\u00e1s natural \u2013 combust\u00edvel f\u00f3ssil feito principalmente de metano, fundamental nas mudan\u00e7as clim\u00e1ticas \u2013 desempenha um importante papel na transi\u00e7\u00e3o para a energia renov\u00e1vel, causando a revolta de ativistas clim\u00e1ticos e alguns legisladores. Normalmente, o g\u00e1s natural emite menos di\u00f3xido de carbono do que o carv\u00e3o, no entanto, cientistas [&hellip;]","og_url":"https:\/\/supplybr.com\/en\/uniao-europeia-diz-que-gas-natural-e-energia-nuclear-sao-energias-verdes\/","og_site_name":"Smart Supply","article_published_time":"2022-08-03T12:37:35+00:00","article_modified_time":"2025-11-27T18:00:26+00:00","og_image":[{"width":848,"height":566,"url":"https:\/\/supplybr.com\/wp-content\/uploads\/2022\/08\/Sem-Titulo-1-1.jpg","type":"image\/jpeg"}],"author":"quatroventos","twitter_card":"summary_large_image","twitter_misc":{"Written by":"quatroventos","Est. reading time":"2 minutes"},"schema":{"@context":"https:\/\/schema.org","@graph":[{"@type":"Article","@id":"https:\/\/supplybr.com\/uniao-europeia-diz-que-gas-natural-e-energia-nuclear-sao-energias-verdes\/#article","isPartOf":{"@id":"https:\/\/supplybr.com\/uniao-europeia-diz-que-gas-natural-e-energia-nuclear-sao-energias-verdes\/"},"author":{"name":"quatroventos","@id":"https:\/\/supplybr.com\/#\/schema\/person\/1a88b7ff8be4494fd97036a4c304792a"},"headline":"Uni\u00e3o Europeia diz que g\u00e1s natural e energia nuclear s\u00e3o \u2018energias verdes\u2019","datePublished":"2022-08-03T12:37:35+00:00","dateModified":"2025-11-27T18:00:26+00:00","mainEntityOfPage":{"@id":"https:\/\/supplybr.com\/uniao-europeia-diz-que-gas-natural-e-energia-nuclear-sao-energias-verdes\/"},"wordCount":326,"publisher":{"@id":"https:\/\/supplybr.com\/#organization"},"image":{"@id":"https:\/\/supplybr.com\/uniao-europeia-diz-que-gas-natural-e-energia-nuclear-sao-energias-verdes\/#primaryimage"},"thumbnailUrl":"https:\/\/supplybr.com\/wp-content\/uploads\/2022\/08\/Sem-Titulo-1-1.jpg","articleSection":["Geradores","Jenbacher"],"inLanguage":"en-US"},{"@type":"WebPage","@id":"https:\/\/supplybr.com\/uniao-europeia-diz-que-gas-natural-e-energia-nuclear-sao-energias-verdes\/","url":"https:\/\/supplybr.com\/uniao-europeia-diz-que-gas-natural-e-energia-nuclear-sao-energias-verdes\/","name":"Uni\u00e3o Europeia diz que g\u00e1s natural e energia nuclear s\u00e3o \u2018energias verdes\u2019 - Smart Supply","isPartOf":{"@id":"https:\/\/supplybr.com\/#website"},"primaryImageOfPage":{"@id":"https:\/\/supplybr.com\/uniao-europeia-diz-que-gas-natural-e-energia-nuclear-sao-energias-verdes\/#primaryimage"},"image":{"@id":"https:\/\/supplybr.com\/uniao-europeia-diz-que-gas-natural-e-energia-nuclear-sao-energias-verdes\/#primaryimage"},"thumbnailUrl":"https:\/\/supplybr.com\/wp-content\/uploads\/2022\/08\/Sem-Titulo-1-1.jpg","datePublished":"2022-08-03T12:37:35+00:00","dateModified":"2025-11-27T18:00:26+00:00","breadcrumb":{"@id":"https:\/\/supplybr.com\/uniao-europeia-diz-que-gas-natural-e-energia-nuclear-sao-energias-verdes\/#breadcrumb"},"inLanguage":"en-US","potentialAction":[{"@type":"ReadAction","target":["https:\/\/supplybr.com\/uniao-europeia-diz-que-gas-natural-e-energia-nuclear-sao-energias-verdes\/"]}]},{"@type":"ImageObject","inLanguage":"en-US","@id":"https:\/\/supplybr.com\/uniao-europeia-diz-que-gas-natural-e-energia-nuclear-sao-energias-verdes\/#primaryimage","url":"https:\/\/supplybr.com\/wp-content\/uploads\/2022\/08\/Sem-Titulo-1-1.jpg","contentUrl":"https:\/\/supplybr.com\/wp-content\/uploads\/2022\/08\/Sem-Titulo-1-1.jpg","width":848,"height":566},{"@type":"BreadcrumbList","@id":"https:\/\/supplybr.com\/uniao-europeia-diz-que-gas-natural-e-energia-nuclear-sao-energias-verdes\/#breadcrumb","itemListElement":[{"@type":"ListItem","position":1,"name":"In\u00edcio","item":"https:\/\/supplybr.com\/"},{"@type":"ListItem","position":2,"name":"Uni\u00e3o Europeia diz que g\u00e1s natural e energia nuclear s\u00e3o \u2018energias verdes\u2019"}]},{"@type":"WebSite","@id":"https:\/\/supplybr.com\/#website","url":"https:\/\/supplybr.com\/","name":"Smart Supply","description":"","publisher":{"@id":"https:\/\/supplybr.com\/#organization"},"potentialAction":[{"@type":"SearchAction","target":{"@type":"EntryPoint","urlTemplate":"https:\/\/supplybr.com\/?s={search_term_string}"},"query-input":{"@type":"PropertyValueSpecification","valueRequired":true,"valueName":"search_term_string"}}],"inLanguage":"en-US"},{"@type":"Organization","@id":"https:\/\/supplybr.com\/#organization","name":"Smart Supply","url":"https:\/\/supplybr.com\/","logo":{"@type":"ImageObject","inLanguage":"en-US","@id":"https:\/\/supplybr.com\/#\/schema\/logo\/image\/","url":"https:\/\/supplybr.com\/wp-content\/uploads\/2025\/11\/Logo-RGB_Smart-Supply-02-scaled.png","contentUrl":"https:\/\/supplybr.com\/wp-content\/uploads\/2025\/11\/Logo-RGB_Smart-Supply-02-scaled.png","width":2560,"height":333,"caption":"Smart Supply"},"image":{"@id":"https:\/\/supplybr.com\/#\/schema\/logo\/image\/"}},{"@type":"Person","@id":"https:\/\/supplybr.com\/#\/schema\/person\/1a88b7ff8be4494fd97036a4c304792a","name":"quatroventos","image":{"@type":"ImageObject","inLanguage":"en-US","@id":"https:\/\/supplybr.com\/#\/schema\/person\/image\/","url":"https:\/\/secure.gravatar.com\/avatar\/62065f6489ce80da7a77bab98845518a37d9732020cbaba4c8670fff3c31aa72?s=96&d=mm&r=g","contentUrl":"https:\/\/secure.gravatar.com\/avatar\/62065f6489ce80da7a77bab98845518a37d9732020cbaba4c8670fff3c31aa72?s=96&d=mm&r=g","caption":"quatroventos"},"sameAs":["https:\/\/supplybr.com"],"url":"https:\/\/supplybr.com\/en\/author\/quatroventos\/"}]}},"_links":{"self":[{"href":"https:\/\/supplybr.com\/en\/wp-json\/wp\/v2\/posts\/20221","targetHints":{"allow":["GET"]}}],"collection":[{"href":"https:\/\/supplybr.com\/en\/wp-json\/wp\/v2\/posts"}],"about":[{"href":"https:\/\/supplybr.com\/en\/wp-json\/wp\/v2\/types\/post"}],"author":[{"embeddable":true,"href":"https:\/\/supplybr.com\/en\/wp-json\/wp\/v2\/users\/1"}],"replies":[{"embeddable":true,"href":"https:\/\/supplybr.com\/en\/wp-json\/wp\/v2\/comments?post=20221"}],"version-history":[{"count":1,"href":"https:\/\/supplybr.com\/en\/wp-json\/wp\/v2\/posts\/20221\/revisions"}],"predecessor-version":[{"id":39705,"href":"https:\/\/supplybr.com\/en\/wp-json\/wp\/v2\/posts\/20221\/revisions\/39705"}],"wp:featuredmedia":[{"embeddable":true,"href":"https:\/\/supplybr.com\/en\/wp-json\/wp\/v2\/media\/39704"}],"wp:attachment":[{"href":"https:\/\/supplybr.com\/en\/wp-json\/wp\/v2\/media?parent=20221"}],"wp:term":[{"taxonomy":"category","embeddable":true,"href":"https:\/\/supplybr.com\/en\/wp-json\/wp\/v2\/categories?post=20221"},{"taxonomy":"post_tag","embeddable":true,"href":"https:\/\/supplybr.com\/en\/wp-json\/wp\/v2\/tags?post=20221"}],"curies":[{"name":"wp","href":"https:\/\/api.w.org\/{rel}","templated":true}]}}